{"id":1320,"date":"2013-11-12T11:29:33","date_gmt":"2013-11-12T09:29:33","guid":{"rendered":"http:\/\/www.kritische-organisationsforschung.de\/?p=1320"},"modified":"2013-11-12T11:29:54","modified_gmt":"2013-11-12T09:29:54","slug":"arbeitsverhaeltnisse-wanderarbeiter-fotografien-einer-neuen-arbeiterklasse","status":"publish","type":"post","link":"http:\/\/www.kritische-organisationsforschung.de\/?p=1320","title":{"rendered":"Arbeitsverh\u00e4ltnisse: &#8222;Wanderarbeiter &#8211; Fotografien einer neuen Arbeiterklasse&#8220;"},"content":{"rendered":"<p>Ab dem 15.November 2013 ist im Museum der Arbeit in Hamburg eine Austellung mit historischen und aktuellen Fotografien \u00fcber Wanderarbeit zu sehen. In der Ank\u00fcndigung hei\u00dft es:<\/p>\n<blockquote><p>Keiner kennt ihre genaue Zahl \u2013 alleine in China geht man von bis zu 200 Millionen Menschen aus, die auf der Suche nach Arbeit vom Land in die Metropolen Shanghai, Hongkong oder Shenzhen ziehen. Aber auch in anderen L\u00e4ndern verlassen Menschen ihre Heimat f\u00fcr Monate oder Jahre, um in der Fremde Geld zu verdienen oder auch der heimischen Enge und Perspektivlosigkeit zu entfliehen.<\/p>\n<p>Mit der Ausstellung \u201eWanderarbeiter\u201c wendet sich das Museum der Arbeit diesem globalen Ph\u00e4nomen der \u201eneuen Arbeiterklasse\u201c zu. In neun fotografischen Positionen \u2013 Mauricio Bustamante, Henning Christoph, Andrea Diefenbach, Brigitte Kraemer, Ingar Krauss, Wolfgang M\u00fcller, Oliver Tjaden, Ralf Tooten und H. R. Uthoff \u2013 werden unterschiedliche Formen der Wanderarbeit vorgestellt.&#8220;<\/p><\/blockquote>\n<p>Hier der Link zur Ausstellung: <a href=\"http:\/\/www.museum-der-arbeit.de\/de\/vorschau\/wanderarbeiter.htm#.UoHzMCfPxEN\">http:\/\/www.museum-der-arbeit.de\/de\/vorschau\/wanderarbeiter.htm#.UoHzMCfPxEN<\/a><\/p>\n","protected":false},"excerpt":{"rendered":"<p>Ab dem 15.November 2013 ist im Museum der Arbeit in Hamburg eine Austellung mit historischen und aktuellen Fotografien \u00fcber Wanderarbeit zu sehen. In der Ank\u00fcndigung hei\u00dft es: Keiner kennt ihre genaue Zahl \u2013 alleine&#46;&#46;&#46;<\/p>\n","protected":false},"author":1,"featured_media":0,"comment_status":"open","ping_status":"open","sticky":false,"template":"","format":"standard","meta":{"spay_email":""},"categories":[1],"tags":[35,30,11,33],"jetpack_featured_media_url":"","yoast_head":"<!-- This site is optimized with the Yoast SEO plugin v14.4.1 - https:\/\/yoast.com\/wordpress\/plugins\/seo\/ -->\n<title>Arbeitsverh\u00e4ltnisse: &quot;Wanderarbeiter - Fotografien einer neuen Arbeiterklasse&quot; - Kritische Organisationsforschung<\/title>\n<meta name=\"robots\" content=\"index, follow\" \/>\n<meta name=\"googlebot\" content=\"index, follow, max-snippet:-1, max-image-preview:large, max-video-preview:-1\" \/>\n<meta name=\"bingbot\" content=\"index, follow, max-snippet:-1, max-image-preview:large, max-video-preview:-1\" \/>\n<link rel=\"canonical\" href=\"http:\/\/www.kritische-organisationsforschung.de\/?p=1320\" \/>\n<meta property=\"og:locale\" content=\"de_DE\" \/>\n<meta property=\"og:type\" content=\"article\" \/>\n<meta property=\"og:title\" content=\"Arbeitsverh\u00e4ltnisse: &quot;Wanderarbeiter - Fotografien einer neuen Arbeiterklasse&quot; - Kritische Organisationsforschung\" \/>\n<meta property=\"og:description\" content=\"Ab dem 15.November 2013 ist im Museum der Arbeit in Hamburg eine Austellung mit historischen und aktuellen Fotografien \u00fcber Wanderarbeit zu sehen. In der Ank\u00fcndigung hei\u00dft es: Keiner kennt ihre genaue Zahl \u2013 alleine&#046;&#046;&#046;\" \/>\n<meta property=\"og:url\" content=\"http:\/\/www.kritische-organisationsforschung.de\/?p=1320\" \/>\n<meta property=\"og:site_name\" content=\"Kritische Organisationsforschung\" \/>\n<meta property=\"article:published_time\" content=\"2013-11-12T09:29:33+00:00\" \/>\n<meta property=\"article:modified_time\" content=\"2013-11-12T09:29:54+00:00\" \/>\n<meta name=\"twitter:card\" content=\"summary_large_image\" \/>\n<script type=\"application\/ld+json\" class=\"yoast-schema-graph\">{\"@context\":\"https:\/\/schema.org\",\"@graph\":[{\"@type\":\"WebSite\",\"@id\":\"http:\/\/www.kritische-organisationsforschung.de\/#website\",\"url\":\"http:\/\/www.kritische-organisationsforschung.de\/\",\"name\":\"Kritische Organisationsforschung\",\"description\":\"a personal blog dedicated to the critical analysis of management, work and organization\",\"publisher\":{\"@id\":\"http:\/\/www.kritische-organisationsforschung.de\/#\/schema\/person\/af21231552ccb9e72e80be428f3eb39d\"},\"potentialAction\":[{\"@type\":\"SearchAction\",\"target\":\"http:\/\/www.kritische-organisationsforschung.de\/?s={search_term_string}\",\"query-input\":\"required name=search_term_string\"}],\"inLanguage\":\"de\"},{\"@type\":\"WebPage\",\"@id\":\"http:\/\/www.kritische-organisationsforschung.de\/?p=1320#webpage\",\"url\":\"http:\/\/www.kritische-organisationsforschung.de\/?p=1320\",\"name\":\"Arbeitsverh\\u00e4ltnisse: \\\"Wanderarbeiter - Fotografien einer neuen Arbeiterklasse\\\" - Kritische Organisationsforschung\",\"isPartOf\":{\"@id\":\"http:\/\/www.kritische-organisationsforschung.de\/#website\"},\"datePublished\":\"2013-11-12T09:29:33+00:00\",\"dateModified\":\"2013-11-12T09:29:54+00:00\",\"inLanguage\":\"de\",\"potentialAction\":[{\"@type\":\"ReadAction\",\"target\":[\"http:\/\/www.kritische-organisationsforschung.de\/?p=1320\"]}]},{\"@type\":\"Article\",\"@id\":\"http:\/\/www.kritische-organisationsforschung.de\/?p=1320#article\",\"isPartOf\":{\"@id\":\"http:\/\/www.kritische-organisationsforschung.de\/?p=1320#webpage\"},\"author\":{\"@id\":\"http:\/\/www.kritische-organisationsforschung.de\/#\/schema\/person\/af21231552ccb9e72e80be428f3eb39d\"},\"headline\":\"Arbeitsverh\\u00e4ltnisse: &#8222;Wanderarbeiter &#8211; Fotografien einer neuen Arbeiterklasse&#8220;\",\"datePublished\":\"2013-11-12T09:29:33+00:00\",\"dateModified\":\"2013-11-12T09:29:54+00:00\",\"commentCount\":0,\"mainEntityOfPage\":{\"@id\":\"http:\/\/www.kritische-organisationsforschung.de\/?p=1320#webpage\"},\"publisher\":{\"@id\":\"http:\/\/www.kritische-organisationsforschung.de\/#\/schema\/person\/af21231552ccb9e72e80be428f3eb39d\"},\"keywords\":\"Crisis,Critical Resources,Political Economy,Work\",\"articleSection\":\"Kritische Ressourcen &amp; Studien\",\"inLanguage\":\"de\",\"potentialAction\":[{\"@type\":\"CommentAction\",\"name\":\"Comment\",\"target\":[\"http:\/\/www.kritische-organisationsforschung.de\/?p=1320#respond\"]}]},{\"@type\":[\"Person\",\"Organization\"],\"@id\":\"http:\/\/www.kritische-organisationsforschung.de\/#\/schema\/person\/af21231552ccb9e72e80be428f3eb39d\",\"name\":\"Ronald Hartz\",\"image\":{\"@type\":\"ImageObject\",\"@id\":\"http:\/\/www.kritische-organisationsforschung.de\/#personlogo\",\"inLanguage\":\"de\",\"url\":\"http:\/\/0.gravatar.com\/avatar\/624d155aac0712cad634e66552b4f9fe?s=96&d=blank&r=g\",\"caption\":\"Ronald Hartz\"},\"logo\":{\"@id\":\"http:\/\/www.kritische-organisationsforschung.de\/#personlogo\"}}]}<\/script>\n<!-- \/ Yoast SEO plugin. -->","jetpack_shortlink":"https:\/\/wp.me\/p2DMtA-li","jetpack_likes_enabled":true,"jetpack-related-posts":[],"_links":{"self":[{"href":"http:\/\/www.kritische-organisationsforschung.de\/index.php?rest_route=\/wp\/v2\/posts\/1320"}],"collection":[{"href":"http:\/\/www.kritische-organisationsforschung.de\/index.php?rest_route=\/wp\/v2\/posts"}],"about":[{"href":"http:\/\/www.kritische-organisationsforschung.de\/index.php?rest_route=\/wp\/v2\/types\/post"}],"author":[{"embeddable":true,"href":"http:\/\/www.kritische-organisationsforschung.de\/index.php?rest_route=\/wp\/v2\/users\/1"}],"replies":[{"embeddable":true,"href":"http:\/\/www.kritische-organisationsforschung.de\/index.php?rest_route=%2Fwp%2Fv2%2Fcomments&post=1320"}],"version-history":[{"count":2,"href":"http:\/\/www.kritische-organisationsforschung.de\/index.php?rest_route=\/wp\/v2\/posts\/1320\/revisions"}],"predecessor-version":[{"id":1322,"href":"http:\/\/www.kritische-organisationsforschung.de\/index.php?rest_route=\/wp\/v2\/posts\/1320\/revisions\/1322"}],"wp:attachment":[{"href":"http:\/\/www.kritische-organisationsforschung.de\/index.php?rest_route=%2Fwp%2Fv2%2Fmedia&parent=1320"}],"wp:term":[{"taxonomy":"category","embeddable":true,"href":"http:\/\/www.kritische-organisationsforschung.de\/index.php?rest_route=%2Fwp%2Fv2%2Fcategories&post=1320"},{"taxonomy":"post_tag","embeddable":true,"href":"http:\/\/www.kritische-organisationsforschung.de\/index.php?rest_route=%2Fwp%2Fv2%2Ftags&post=1320"}],"curies":[{"name":"wp","href":"https:\/\/api.w.org\/{rel}","templated":true}]}}