{"id":1599,"date":"2015-12-12T00:01:09","date_gmt":"2015-12-11T22:01:09","guid":{"rendered":"http:\/\/www.kritische-organisationsforschung.de\/?p=1599"},"modified":"2015-12-12T00:04:50","modified_gmt":"2015-12-11T22:04:50","slug":"kritik-organisation-und-aesthetik","status":"publish","type":"post","link":"http:\/\/www.kritische-organisationsforschung.de\/?p=1599","title":{"rendered":"Kritik, Organisation und \u00c4sthetik"},"content":{"rendered":"<p>Gleich zwei aktuelle Ereignisse verweisen auf den Zusammenhang von \u00c4sthetik und Kritik sowie die damit verbundenen Organisationsformen. Zum einen ist von Philipp Ruch, \u201aChefunterh\u00e4ndler\u2018 des Zentrums f\u00fcr politische Sch\u00f6nheit, eine Art politisches Manifest erschienen. Im Selbstverst\u00e4ndnis des Zentrums wird politische Sch\u00f6nheit dabei in direktem Zusammenhang zur Humanit\u00e4t verstanden. Hier geht es zum Zentrum und dessen Aktionen:<\/p>\n<p><a href=\"http:\/\/www.politicalbeauty.de\/\">http:\/\/www.politicalbeauty.de\/<\/a><\/p>\n<p>Zweitens wird der Klimagipfel von zahlreichen Protesten begleitet, welche mit unterschiedlichen Mitteln politisches Handeln im Angesicht des Klimawandels einfordern. Die TAZ verwies dabei k\u00fcrzlich auf eine \u201aDatenbank des Widerstands\u2018, welche zahlreiche Protestaktionen und -formen im Zusammenhang des Pariser Gipfels auflistet. Insofern ein guter Einblick in M\u00f6glichkeiten des kreativen Protestes und dessen \u00e4sthetischen Mitteln:<\/p>\n<p><a href=\"https:\/\/climategames.net\/en\/home\">https:\/\/climategames.net\/en\/home<\/a><\/p>\n<p>Zuletzt noch der Verweis auf einen Klassiker in dieser Hinsicht \u2013 die \u201aYes Man\u2018, welche im besten Sinne \u2013 etwa im Falle der Entsch\u00e4digungen f\u00fcr die Bhopal-Katastrophe &#8211; gerade das (\u00f6konomisch) Normale in seiner absurden Dimension aufzeigen:<\/p>\n<p><a href=\"http:\/\/theyesmen.org\/\">http:\/\/theyesmen.org\/<\/a><\/p>\n<p>Und hier die Bhopal-Aktion der Yes Man:<\/p>\n<p><iframe src=\"https:\/\/www.youtube.com\/embed\/LiWlvBro9eI\" width=\"420\" height=\"315\" frameborder=\"0\" allowfullscreen=\"allowfullscreen\"><\/iframe><\/p>\n<p>&nbsp;<\/p>\n<p>&nbsp;<\/p>\n","protected":false},"excerpt":{"rendered":"<p>Gleich zwei aktuelle Ereignisse verweisen auf den Zusammenhang von \u00c4sthetik und Kritik sowie die damit verbundenen Organisationsformen. Zum einen ist von Philipp Ruch, \u201aChefunterh\u00e4ndler\u2018 des Zentrums f\u00fcr politische Sch\u00f6nheit, eine Art politisches Manifest erschienen.&#46;&#46;&#46;<\/p>\n","protected":false},"author":1,"featured_media":0,"comment_status":"open","ping_status":"open","sticky":false,"template":"","format":"standard","meta":{"spay_email":""},"categories":[1],"tags":[30,46,50,11,8],"jetpack_featured_media_url":"","yoast_head":"<!-- This site is optimized with the Yoast SEO plugin v14.4.1 - https:\/\/yoast.com\/wordpress\/plugins\/seo\/ -->\n<title>Kritik, Organisation und \u00c4sthetik - Kritische Organisationsforschung<\/title>\n<meta name=\"robots\" content=\"index, follow\" \/>\n<meta name=\"googlebot\" content=\"index, follow, max-snippet:-1, max-image-preview:large, max-video-preview:-1\" \/>\n<meta name=\"bingbot\" content=\"index, follow, max-snippet:-1, max-image-preview:large, max-video-preview:-1\" \/>\n<link rel=\"canonical\" href=\"http:\/\/www.kritische-organisationsforschung.de\/?p=1599\" \/>\n<meta property=\"og:locale\" content=\"de_DE\" \/>\n<meta property=\"og:type\" content=\"article\" \/>\n<meta property=\"og:title\" content=\"Kritik, Organisation und \u00c4sthetik - Kritische Organisationsforschung\" \/>\n<meta property=\"og:description\" content=\"Gleich zwei aktuelle Ereignisse verweisen auf den Zusammenhang von \u00c4sthetik und Kritik sowie die damit verbundenen Organisationsformen. Zum einen ist von Philipp Ruch, \u201aChefunterh\u00e4ndler\u2018 des Zentrums f\u00fcr politische Sch\u00f6nheit, eine Art politisches Manifest erschienen.&#046;&#046;&#046;\" \/>\n<meta property=\"og:url\" content=\"http:\/\/www.kritische-organisationsforschung.de\/?p=1599\" \/>\n<meta property=\"og:site_name\" content=\"Kritische Organisationsforschung\" \/>\n<meta property=\"article:published_time\" content=\"2015-12-11T22:01:09+00:00\" \/>\n<meta property=\"article:modified_time\" content=\"2015-12-11T22:04:50+00:00\" \/>\n<meta name=\"twitter:card\" content=\"summary_large_image\" \/>\n<script type=\"application\/ld+json\" class=\"yoast-schema-graph\">{\"@context\":\"https:\/\/schema.org\",\"@graph\":[{\"@type\":\"WebSite\",\"@id\":\"http:\/\/www.kritische-organisationsforschung.de\/#website\",\"url\":\"http:\/\/www.kritische-organisationsforschung.de\/\",\"name\":\"Kritische Organisationsforschung\",\"description\":\"a personal blog dedicated to the critical analysis of management, work and organization\",\"publisher\":{\"@id\":\"http:\/\/www.kritische-organisationsforschung.de\/#\/schema\/person\/af21231552ccb9e72e80be428f3eb39d\"},\"potentialAction\":[{\"@type\":\"SearchAction\",\"target\":\"http:\/\/www.kritische-organisationsforschung.de\/?s={search_term_string}\",\"query-input\":\"required name=search_term_string\"}],\"inLanguage\":\"de\"},{\"@type\":\"WebPage\",\"@id\":\"http:\/\/www.kritische-organisationsforschung.de\/?p=1599#webpage\",\"url\":\"http:\/\/www.kritische-organisationsforschung.de\/?p=1599\",\"name\":\"Kritik, Organisation und \\u00c4sthetik - Kritische Organisationsforschung\",\"isPartOf\":{\"@id\":\"http:\/\/www.kritische-organisationsforschung.de\/#website\"},\"datePublished\":\"2015-12-11T22:01:09+00:00\",\"dateModified\":\"2015-12-11T22:04:50+00:00\",\"inLanguage\":\"de\",\"potentialAction\":[{\"@type\":\"ReadAction\",\"target\":[\"http:\/\/www.kritische-organisationsforschung.de\/?p=1599\"]}]},{\"@type\":\"Article\",\"@id\":\"http:\/\/www.kritische-organisationsforschung.de\/?p=1599#article\",\"isPartOf\":{\"@id\":\"http:\/\/www.kritische-organisationsforschung.de\/?p=1599#webpage\"},\"author\":{\"@id\":\"http:\/\/www.kritische-organisationsforschung.de\/#\/schema\/person\/af21231552ccb9e72e80be428f3eb39d\"},\"headline\":\"Kritik, Organisation und \\u00c4sthetik\",\"datePublished\":\"2015-12-11T22:01:09+00:00\",\"dateModified\":\"2015-12-11T22:04:50+00:00\",\"commentCount\":0,\"mainEntityOfPage\":{\"@id\":\"http:\/\/www.kritische-organisationsforschung.de\/?p=1599#webpage\"},\"publisher\":{\"@id\":\"http:\/\/www.kritische-organisationsforschung.de\/#\/schema\/person\/af21231552ccb9e72e80be428f3eb39d\"},\"keywords\":\"Critical Resources,Critique,Ecology,Political Economy,Social Movements\",\"articleSection\":\"Kritische Ressourcen &amp; Studien\",\"inLanguage\":\"de\",\"potentialAction\":[{\"@type\":\"CommentAction\",\"name\":\"Comment\",\"target\":[\"http:\/\/www.kritische-organisationsforschung.de\/?p=1599#respond\"]}]},{\"@type\":[\"Person\",\"Organization\"],\"@id\":\"http:\/\/www.kritische-organisationsforschung.de\/#\/schema\/person\/af21231552ccb9e72e80be428f3eb39d\",\"name\":\"Ronald Hartz\",\"image\":{\"@type\":\"ImageObject\",\"@id\":\"http:\/\/www.kritische-organisationsforschung.de\/#personlogo\",\"inLanguage\":\"de\",\"url\":\"http:\/\/0.gravatar.com\/avatar\/624d155aac0712cad634e66552b4f9fe?s=96&d=blank&r=g\",\"caption\":\"Ronald Hartz\"},\"logo\":{\"@id\":\"http:\/\/www.kritische-organisationsforschung.de\/#personlogo\"}}]}<\/script>\n<!-- \/ Yoast SEO plugin. -->","jetpack_shortlink":"https:\/\/wp.me\/p2DMtA-pN","jetpack_likes_enabled":true,"jetpack-related-posts":[],"_links":{"self":[{"href":"http:\/\/www.kritische-organisationsforschung.de\/index.php?rest_route=\/wp\/v2\/posts\/1599"}],"collection":[{"href":"http:\/\/www.kritische-organisationsforschung.de\/index.php?rest_route=\/wp\/v2\/posts"}],"about":[{"href":"http:\/\/www.kritische-organisationsforschung.de\/index.php?rest_route=\/wp\/v2\/types\/post"}],"author":[{"embeddable":true,"href":"http:\/\/www.kritische-organisationsforschung.de\/index.php?rest_route=\/wp\/v2\/users\/1"}],"replies":[{"embeddable":true,"href":"http:\/\/www.kritische-organisationsforschung.de\/index.php?rest_route=%2Fwp%2Fv2%2Fcomments&post=1599"}],"version-history":[{"count":3,"href":"http:\/\/www.kritische-organisationsforschung.de\/index.php?rest_route=\/wp\/v2\/posts\/1599\/revisions"}],"predecessor-version":[{"id":1602,"href":"http:\/\/www.kritische-organisationsforschung.de\/index.php?rest_route=\/wp\/v2\/posts\/1599\/revisions\/1602"}],"wp:attachment":[{"href":"http:\/\/www.kritische-organisationsforschung.de\/index.php?rest_route=%2Fwp%2Fv2%2Fmedia&parent=1599"}],"wp:term":[{"taxonomy":"category","embeddable":true,"href":"http:\/\/www.kritische-organisationsforschung.de\/index.php?rest_route=%2Fwp%2Fv2%2Fcategories&post=1599"},{"taxonomy":"post_tag","embeddable":true,"href":"http:\/\/www.kritische-organisationsforschung.de\/index.php?rest_route=%2Fwp%2Fv2%2Ftags&post=1599"}],"curies":[{"name":"wp","href":"https:\/\/api.w.org\/{rel}","templated":true}]}}