{"id":1616,"date":"2016-01-22T12:20:58","date_gmt":"2016-01-22T10:20:58","guid":{"rendered":"http:\/\/www.kritische-organisationsforschung.de\/?p=1616"},"modified":"2016-01-22T12:20:58","modified_gmt":"2016-01-22T10:20:58","slug":"diskurs-und-oekonomie-teil-11-talfahrt","status":"publish","type":"post","link":"http:\/\/www.kritische-organisationsforschung.de\/?p=1616","title":{"rendered":"Diskurs und \u00d6konomie \u2013 Teil 11: Talfahrt"},"content":{"rendered":"<p>Seit Jahresbeginn wurde mit dem Rubel, den B\u00f6rsen und dem \u00d6lpreis medial so einiges auf Talfahrt geschickt:<\/p>\n<p>\u201eBereits zum zweiten Mal in dieser Woche hat das Chaos an den B\u00f6rsen in China auch die Kurse in Amerika und Europa auf Talfahrt geschickt.\u201c (Quelle: <a href=\"http:\/\/boerse.ard.de\/marktberichte\/dax-und-noch-ein-tag-mit-verlusten100.html\">http:\/\/boerse.ard.de\/marktberichte\/dax-und-noch-ein-tag-mit-verlusten100.html<\/a>)<\/p>\n<p>\u201eDer deutsche Aktienmarkt ist im Sog des fortgesetzten \u00d6lpreisrutsches einmal mehr auf Talfahrt gegangen.\u201c (Quelle: <a href=\"http:\/\/www.faz.net\/agenturmeldungen\/dpa\/oelpreisrutsch-zieht-dax-weiter-nach-unten-14001623.html\">http:\/\/www.faz.net\/agenturmeldungen\/dpa\/oelpreisrutsch-zieht-dax-weiter-nach-unten-14001623.html<\/a>)<\/p>\n<p>\u201eDer russische Rubel hat seine Talfahrt am Freitag weiter fortgesetzt und ein neues Rekordtief erreicht.\u201c (Quelle: <a href=\"http:\/\/www.handelsblatt.com\/finanzen\/maerkte\/devisen-rohstoffe\/neues-rekordtief-rubel-setzt-talfahrt-fort\/10886708.html\">http:\/\/www.handelsblatt.com\/finanzen\/maerkte\/devisen-rohstoffe\/neues-rekordtief-rubel-setzt-talfahrt-fort\/10886708.html<\/a>)<\/p>\n<p>Interdiskursiv betreten wir hier das Bildfeld des Sports. Zur Symbolik der Talfahrt zwei Anmerkungen:<\/p>\n<p>Eine Talfahrt verspricht erstens Spannung und Abenteuer, assoziiert zugleich jene \u201eKultur der Gefahr\u201c (Foucault), welche der popul\u00e4ren Erz\u00e4hlung des \u00d6konomischen eigen ist. Wird die Fahrt mit einem Crash enden? Werden wir ohne Schrammen und Verletzungen im Tal ankommen? Und vor allem: Wird sich an diese Talfahrt, m\u00f6glicherweis nach dem Durchschreiten der \u201aTalsohle\u2018, auch eine Bergfahrt anschlie\u00dfen?<\/p>\n<p>Zweitens erscheint die Talfahrt im \u00f6konomischen Diskurs als ein Widerfahrnis. Niemand tritt freiwillig die Talfahrt an. Vielmehr wird man im Regelfall \u201aauf Talfahrt geschickt\u2018. Und dies wiederum von mythischen Aktanten (\u201adie B\u00f6rsen in China\u2018, \u201ader \u00d6lpreis\u2018).<\/p>\n<p>Obgleich die Talfahrt somit im \u00f6konomischen Diskurs eine negative Entwicklung anzeigt, erm\u00f6glichen die damit verbundenen assoziativen Verkn\u00fcpfungen, das negative Moment als sportive, mit Nervenkitzel versehene Herausforderung zu lesen. Einmal mehr evoziert die Symbolik in ihrem spezifischen Widerfahrnischarakter zugleich der Erzeugung des Bildes anonymer Kr\u00e4fte, welche die Geschicke der \u00d6konomie und der Gesellschaft bestimmen.<\/p>\n<p>Hier noch der Verweis auf die bisher andiskutierten Symbolisierungen des \u00d6konomischen:<\/p>\n<p><a title=\"Anmerkungen zum Diskurs des \u00d6konomischen \u2013 Teil 1: Zombiebanken\" href=\"http:\/\/www.kritische-organisationsforschung.de\/?p=1408\">Zombiebanken<\/a><\/p>\n<p><a title=\"Anmerkungen zum Diskurs des \u00d6konomischen \u2013 Teil 2: Virus\" href=\"http:\/\/www.kritische-organisationsforschung.de\/?p=1416\">Virus<\/a><\/p>\n<p><a title=\"Anmerkungen zum Diskurs des \u00d6konomischen \u2013 Teil 3: Kernschmelze\" href=\"http:\/\/www.kritische-organisationsforschung.de\/?p=1421\">Kernschmelze<\/a><\/p>\n<p><a title=\"Anmerkungen zum Diskurs des \u00d6konomischen \u2013 Teil 4: Gaspedal und Handbremse\" href=\"http:\/\/www.kritische-organisationsforschung.de\/?p=1427\">Gaspedal und Handbremse<\/a><\/p>\n<p><a title=\"Diskurs und \u00d6konomie \u2013 Teil 6: Klettertour und Basislager\" href=\"http:\/\/www.kritische-organisationsforschung.de\/?p=1474\">Klettertour und Basislager<\/a><\/p>\n","protected":false},"excerpt":{"rendered":"<p>Seit Jahresbeginn wurde mit dem Rubel, den B\u00f6rsen und dem \u00d6lpreis medial so einiges auf Talfahrt geschickt: \u201eBereits zum zweiten Mal in dieser Woche hat das Chaos an den B\u00f6rsen in China auch die&#46;&#46;&#46;<\/p>\n","protected":false},"author":1,"featured_media":0,"comment_status":"open","ping_status":"open","sticky":false,"template":"","format":"standard","meta":{"spay_email":""},"categories":[1],"tags":[35,22,11],"jetpack_featured_media_url":"","yoast_head":"<!-- This site is optimized with the Yoast SEO plugin v14.4.1 - https:\/\/yoast.com\/wordpress\/plugins\/seo\/ -->\n<title>Diskurs und \u00d6konomie \u2013 Teil 11: Talfahrt - Kritische Organisationsforschung<\/title>\n<meta name=\"robots\" content=\"index, follow\" \/>\n<meta name=\"googlebot\" content=\"index, follow, max-snippet:-1, max-image-preview:large, max-video-preview:-1\" \/>\n<meta name=\"bingbot\" content=\"index, follow, max-snippet:-1, max-image-preview:large, max-video-preview:-1\" \/>\n<link rel=\"canonical\" href=\"http:\/\/www.kritische-organisationsforschung.de\/?p=1616\" \/>\n<meta property=\"og:locale\" content=\"de_DE\" \/>\n<meta property=\"og:type\" content=\"article\" \/>\n<meta property=\"og:title\" content=\"Diskurs und \u00d6konomie \u2013 Teil 11: Talfahrt - Kritische Organisationsforschung\" \/>\n<meta property=\"og:description\" content=\"Seit Jahresbeginn wurde mit dem Rubel, den B\u00f6rsen und dem \u00d6lpreis medial so einiges auf Talfahrt geschickt: \u201eBereits zum zweiten Mal in dieser Woche hat das Chaos an den B\u00f6rsen in China auch die&#046;&#046;&#046;\" \/>\n<meta property=\"og:url\" content=\"http:\/\/www.kritische-organisationsforschung.de\/?p=1616\" \/>\n<meta property=\"og:site_name\" content=\"Kritische Organisationsforschung\" \/>\n<meta property=\"article:published_time\" content=\"2016-01-22T10:20:58+00:00\" \/>\n<meta name=\"twitter:card\" content=\"summary_large_image\" \/>\n<script type=\"application\/ld+json\" class=\"yoast-schema-graph\">{\"@context\":\"https:\/\/schema.org\",\"@graph\":[{\"@type\":\"WebSite\",\"@id\":\"http:\/\/www.kritische-organisationsforschung.de\/#website\",\"url\":\"http:\/\/www.kritische-organisationsforschung.de\/\",\"name\":\"Kritische Organisationsforschung\",\"description\":\"a personal blog dedicated to the critical analysis of management, work and organization\",\"publisher\":{\"@id\":\"http:\/\/www.kritische-organisationsforschung.de\/#\/schema\/person\/af21231552ccb9e72e80be428f3eb39d\"},\"potentialAction\":[{\"@type\":\"SearchAction\",\"target\":\"http:\/\/www.kritische-organisationsforschung.de\/?s={search_term_string}\",\"query-input\":\"required name=search_term_string\"}],\"inLanguage\":\"de\"},{\"@type\":\"WebPage\",\"@id\":\"http:\/\/www.kritische-organisationsforschung.de\/?p=1616#webpage\",\"url\":\"http:\/\/www.kritische-organisationsforschung.de\/?p=1616\",\"name\":\"Diskurs und \\u00d6konomie \\u2013 Teil 11: Talfahrt - Kritische Organisationsforschung\",\"isPartOf\":{\"@id\":\"http:\/\/www.kritische-organisationsforschung.de\/#website\"},\"datePublished\":\"2016-01-22T10:20:58+00:00\",\"dateModified\":\"2016-01-22T10:20:58+00:00\",\"inLanguage\":\"de\",\"potentialAction\":[{\"@type\":\"ReadAction\",\"target\":[\"http:\/\/www.kritische-organisationsforschung.de\/?p=1616\"]}]},{\"@type\":\"Article\",\"@id\":\"http:\/\/www.kritische-organisationsforschung.de\/?p=1616#article\",\"isPartOf\":{\"@id\":\"http:\/\/www.kritische-organisationsforschung.de\/?p=1616#webpage\"},\"author\":{\"@id\":\"http:\/\/www.kritische-organisationsforschung.de\/#\/schema\/person\/af21231552ccb9e72e80be428f3eb39d\"},\"headline\":\"Diskurs und \\u00d6konomie \\u2013 Teil 11: Talfahrt\",\"datePublished\":\"2016-01-22T10:20:58+00:00\",\"dateModified\":\"2016-01-22T10:20:58+00:00\",\"commentCount\":0,\"mainEntityOfPage\":{\"@id\":\"http:\/\/www.kritische-organisationsforschung.de\/?p=1616#webpage\"},\"publisher\":{\"@id\":\"http:\/\/www.kritische-organisationsforschung.de\/#\/schema\/person\/af21231552ccb9e72e80be428f3eb39d\"},\"keywords\":\"Crisis,Discourse,Political Economy\",\"articleSection\":\"Kritische Ressourcen &amp; Studien\",\"inLanguage\":\"de\",\"potentialAction\":[{\"@type\":\"CommentAction\",\"name\":\"Comment\",\"target\":[\"http:\/\/www.kritische-organisationsforschung.de\/?p=1616#respond\"]}]},{\"@type\":[\"Person\",\"Organization\"],\"@id\":\"http:\/\/www.kritische-organisationsforschung.de\/#\/schema\/person\/af21231552ccb9e72e80be428f3eb39d\",\"name\":\"Ronald Hartz\",\"image\":{\"@type\":\"ImageObject\",\"@id\":\"http:\/\/www.kritische-organisationsforschung.de\/#personlogo\",\"inLanguage\":\"de\",\"url\":\"http:\/\/0.gravatar.com\/avatar\/624d155aac0712cad634e66552b4f9fe?s=96&d=blank&r=g\",\"caption\":\"Ronald Hartz\"},\"logo\":{\"@id\":\"http:\/\/www.kritische-organisationsforschung.de\/#personlogo\"}}]}<\/script>\n<!-- \/ Yoast SEO plugin. -->","jetpack_shortlink":"https:\/\/wp.me\/p2DMtA-q4","jetpack_likes_enabled":true,"jetpack-related-posts":[],"_links":{"self":[{"href":"http:\/\/www.kritische-organisationsforschung.de\/index.php?rest_route=\/wp\/v2\/posts\/1616"}],"collection":[{"href":"http:\/\/www.kritische-organisationsforschung.de\/index.php?rest_route=\/wp\/v2\/posts"}],"about":[{"href":"http:\/\/www.kritische-organisationsforschung.de\/index.php?rest_route=\/wp\/v2\/types\/post"}],"author":[{"embeddable":true,"href":"http:\/\/www.kritische-organisationsforschung.de\/index.php?rest_route=\/wp\/v2\/users\/1"}],"replies":[{"embeddable":true,"href":"http:\/\/www.kritische-organisationsforschung.de\/index.php?rest_route=%2Fwp%2Fv2%2Fcomments&post=1616"}],"version-history":[{"count":1,"href":"http:\/\/www.kritische-organisationsforschung.de\/index.php?rest_route=\/wp\/v2\/posts\/1616\/revisions"}],"predecessor-version":[{"id":1617,"href":"http:\/\/www.kritische-organisationsforschung.de\/index.php?rest_route=\/wp\/v2\/posts\/1616\/revisions\/1617"}],"wp:attachment":[{"href":"http:\/\/www.kritische-organisationsforschung.de\/index.php?rest_route=%2Fwp%2Fv2%2Fmedia&parent=1616"}],"wp:term":[{"taxonomy":"category","embeddable":true,"href":"http:\/\/www.kritische-organisationsforschung.de\/index.php?rest_route=%2Fwp%2Fv2%2Fcategories&post=1616"},{"taxonomy":"post_tag","embeddable":true,"href":"http:\/\/www.kritische-organisationsforschung.de\/index.php?rest_route=%2Fwp%2Fv2%2Ftags&post=1616"}],"curies":[{"name":"wp","href":"https:\/\/api.w.org\/{rel}","templated":true}]}}