{"id":1765,"date":"2016-09-19T20:42:48","date_gmt":"2016-09-19T18:42:48","guid":{"rendered":"http:\/\/www.kritische-organisationsforschung.de\/?p=1765"},"modified":"2016-09-19T20:42:48","modified_gmt":"2016-09-19T18:42:48","slug":"neue-publikation-diskursanalyse-in-der-organisationsforschung-nun-online","status":"publish","type":"post","link":"http:\/\/www.kritische-organisationsforschung.de\/?p=1765","title":{"rendered":"Neue Publikation: &#8222;Diskursanalyse in der Organisationsforschung&#8220; nun Online"},"content":{"rendered":"<p>Der zusammen mit Gabriele Fassauer (TU Dresden) f\u00fcr das von Stefan Liebig, Wenzel Matiaske und Sophie Rosenbohm herausgegebene <strong>Handbuch Empirische Organisationsforschung<\/strong> verfasste Beitrag<strong> &#8222;Diskursanalyse in der Organisationsforschung&#8220;\u00a0<\/strong>ist nun als Online First verf\u00fcgbar:<\/p>\n<p><a href=\"http:\/\/link.springer.com\/referenceworkentry\/10.1007\/978-3-658-08580-3_17-1\">http:\/\/link.springer.com\/referenceworkentry\/10.1007\/978-3-658-08580-3_17-1<\/a><\/p>\n<p><a href=\"http:\/\/link.springer.com\/referenceworkentry\/10.1007\/978-3-658-08580-3_17-1\" target=\"_blank\">doi:10.1007\/978-3-658-08580-3_17-1<\/a><\/p>\n<section id=\"Abs1\" class=\"Abstract\" lang=\"de\">\n<h3 class=\"Heading\">Zusammenfassung<\/h3>\n<p id=\"Par1\" class=\"Para\">Der Beitrag bietet einen grundlegenden \u00dcberblick \u00fcber diskursanalytische Orientierungen und Perspektiven in der Organisationsforschung. Entlang der Achsen <em class=\"EmphasisTypeItalic \">Sprachgebrauch \u2013 Ordnung des Diskurses<\/em> und <em class=\"EmphasisTypeItalic \">Deskription \u2013 Kritik<\/em> werden zun\u00e4chst grundlegende gegenstandsbezogene und normative Orientierungen der Diskursforschung benannt. Anschlie\u00dfend erfolgt eine Darstellung von Rhetorik, Gespr\u00e4chsanalyse, Narrationsanalyse und kritischer Diskursanalyse als vier weitverbreiteten Perspektiven diskursanalytischer Forschung. Ein \u00dcberblick \u00fcber methodische Schritte und methodische Besonderheiten diskursanalytischer Forschung beschlie\u00dft den Beitrag.<\/p>\n<\/section>\n<p>&nbsp;<\/p>\n","protected":false},"excerpt":{"rendered":"<p>Der zusammen mit Gabriele Fassauer (TU Dresden) f\u00fcr das von Stefan Liebig, Wenzel Matiaske und Sophie Rosenbohm herausgegebene Handbuch Empirische Organisationsforschung verfasste Beitrag &#8222;Diskursanalyse in der Organisationsforschung&#8220;\u00a0ist nun als Online First verf\u00fcgbar: http:\/\/link.springer.com\/referenceworkentry\/10.1007\/978-3-658-08580-3_17-1 doi:10.1007\/978-3-658-08580-3_17-1&#46;&#46;&#46;<\/p>\n","protected":false},"author":1,"featured_media":0,"comment_status":"open","ping_status":"open","sticky":false,"template":"","format":"standard","meta":{"spay_email":""},"categories":[1],"tags":[30,46,22,10,4,32,40],"jetpack_featured_media_url":"","yoast_head":"<!-- This site is optimized with the Yoast SEO plugin v14.4.1 - https:\/\/yoast.com\/wordpress\/plugins\/seo\/ -->\n<title>Neue Publikation: &quot;Diskursanalyse in der Organisationsforschung&quot; nun Online - Kritische Organisationsforschung<\/title>\n<meta name=\"robots\" content=\"index, follow\" \/>\n<meta name=\"googlebot\" content=\"index, follow, max-snippet:-1, max-image-preview:large, max-video-preview:-1\" \/>\n<meta name=\"bingbot\" content=\"index, follow, max-snippet:-1, max-image-preview:large, max-video-preview:-1\" \/>\n<link rel=\"canonical\" href=\"http:\/\/www.kritische-organisationsforschung.de\/?p=1765\" \/>\n<meta property=\"og:locale\" content=\"de_DE\" \/>\n<meta property=\"og:type\" content=\"article\" \/>\n<meta property=\"og:title\" content=\"Neue Publikation: &quot;Diskursanalyse in der Organisationsforschung&quot; nun Online - Kritische Organisationsforschung\" \/>\n<meta property=\"og:description\" content=\"Der zusammen mit Gabriele Fassauer (TU Dresden) f\u00fcr das von Stefan Liebig, Wenzel Matiaske und Sophie Rosenbohm herausgegebene Handbuch Empirische Organisationsforschung verfasste Beitrag &#8222;Diskursanalyse in der Organisationsforschung&#8220;\u00a0ist nun als Online First verf\u00fcgbar: http:\/\/link.springer.com\/referenceworkentry\/10.1007\/978-3-658-08580-3_17-1 doi:10.1007\/978-3-658-08580-3_17-1&#046;&#046;&#046;\" \/>\n<meta property=\"og:url\" content=\"http:\/\/www.kritische-organisationsforschung.de\/?p=1765\" \/>\n<meta property=\"og:site_name\" content=\"Kritische Organisationsforschung\" \/>\n<meta property=\"article:published_time\" content=\"2016-09-19T18:42:48+00:00\" \/>\n<meta name=\"twitter:card\" content=\"summary_large_image\" \/>\n<script type=\"application\/ld+json\" class=\"yoast-schema-graph\">{\"@context\":\"https:\/\/schema.org\",\"@graph\":[{\"@type\":\"WebSite\",\"@id\":\"http:\/\/www.kritische-organisationsforschung.de\/#website\",\"url\":\"http:\/\/www.kritische-organisationsforschung.de\/\",\"name\":\"Kritische Organisationsforschung\",\"description\":\"a personal blog dedicated to the critical analysis of management, work and organization\",\"publisher\":{\"@id\":\"http:\/\/www.kritische-organisationsforschung.de\/#\/schema\/person\/af21231552ccb9e72e80be428f3eb39d\"},\"potentialAction\":[{\"@type\":\"SearchAction\",\"target\":\"http:\/\/www.kritische-organisationsforschung.de\/?s={search_term_string}\",\"query-input\":\"required name=search_term_string\"}],\"inLanguage\":\"de\"},{\"@type\":\"WebPage\",\"@id\":\"http:\/\/www.kritische-organisationsforschung.de\/?p=1765#webpage\",\"url\":\"http:\/\/www.kritische-organisationsforschung.de\/?p=1765\",\"name\":\"Neue Publikation: \\\"Diskursanalyse in der Organisationsforschung\\\" nun Online - Kritische Organisationsforschung\",\"isPartOf\":{\"@id\":\"http:\/\/www.kritische-organisationsforschung.de\/#website\"},\"datePublished\":\"2016-09-19T18:42:48+00:00\",\"dateModified\":\"2016-09-19T18:42:48+00:00\",\"inLanguage\":\"de\",\"potentialAction\":[{\"@type\":\"ReadAction\",\"target\":[\"http:\/\/www.kritische-organisationsforschung.de\/?p=1765\"]}]},{\"@type\":\"Article\",\"@id\":\"http:\/\/www.kritische-organisationsforschung.de\/?p=1765#article\",\"isPartOf\":{\"@id\":\"http:\/\/www.kritische-organisationsforschung.de\/?p=1765#webpage\"},\"author\":{\"@id\":\"http:\/\/www.kritische-organisationsforschung.de\/#\/schema\/person\/af21231552ccb9e72e80be428f3eb39d\"},\"headline\":\"Neue Publikation: &#8222;Diskursanalyse in der Organisationsforschung&#8220; nun Online\",\"datePublished\":\"2016-09-19T18:42:48+00:00\",\"dateModified\":\"2016-09-19T18:42:48+00:00\",\"commentCount\":0,\"mainEntityOfPage\":{\"@id\":\"http:\/\/www.kritische-organisationsforschung.de\/?p=1765#webpage\"},\"publisher\":{\"@id\":\"http:\/\/www.kritische-organisationsforschung.de\/#\/schema\/person\/af21231552ccb9e72e80be428f3eb39d\"},\"keywords\":\"Critical Resources,Critique,Discourse,Foucault,Organization,Own Works,Poststructuralism\",\"articleSection\":\"Kritische Ressourcen &amp; Studien\",\"inLanguage\":\"de\",\"potentialAction\":[{\"@type\":\"CommentAction\",\"name\":\"Comment\",\"target\":[\"http:\/\/www.kritische-organisationsforschung.de\/?p=1765#respond\"]}]},{\"@type\":[\"Person\",\"Organization\"],\"@id\":\"http:\/\/www.kritische-organisationsforschung.de\/#\/schema\/person\/af21231552ccb9e72e80be428f3eb39d\",\"name\":\"Ronald Hartz\",\"image\":{\"@type\":\"ImageObject\",\"@id\":\"http:\/\/www.kritische-organisationsforschung.de\/#personlogo\",\"inLanguage\":\"de\",\"url\":\"http:\/\/0.gravatar.com\/avatar\/624d155aac0712cad634e66552b4f9fe?s=96&d=blank&r=g\",\"caption\":\"Ronald Hartz\"},\"logo\":{\"@id\":\"http:\/\/www.kritische-organisationsforschung.de\/#personlogo\"}}]}<\/script>\n<!-- \/ Yoast SEO plugin. -->","jetpack_shortlink":"https:\/\/wp.me\/p2DMtA-st","jetpack_likes_enabled":true,"jetpack-related-posts":[],"_links":{"self":[{"href":"http:\/\/www.kritische-organisationsforschung.de\/index.php?rest_route=\/wp\/v2\/posts\/1765"}],"collection":[{"href":"http:\/\/www.kritische-organisationsforschung.de\/index.php?rest_route=\/wp\/v2\/posts"}],"about":[{"href":"http:\/\/www.kritische-organisationsforschung.de\/index.php?rest_route=\/wp\/v2\/types\/post"}],"author":[{"embeddable":true,"href":"http:\/\/www.kritische-organisationsforschung.de\/index.php?rest_route=\/wp\/v2\/users\/1"}],"replies":[{"embeddable":true,"href":"http:\/\/www.kritische-organisationsforschung.de\/index.php?rest_route=%2Fwp%2Fv2%2Fcomments&post=1765"}],"version-history":[{"count":1,"href":"http:\/\/www.kritische-organisationsforschung.de\/index.php?rest_route=\/wp\/v2\/posts\/1765\/revisions"}],"predecessor-version":[{"id":1766,"href":"http:\/\/www.kritische-organisationsforschung.de\/index.php?rest_route=\/wp\/v2\/posts\/1765\/revisions\/1766"}],"wp:attachment":[{"href":"http:\/\/www.kritische-organisationsforschung.de\/index.php?rest_route=%2Fwp%2Fv2%2Fmedia&parent=1765"}],"wp:term":[{"taxonomy":"category","embeddable":true,"href":"http:\/\/www.kritische-organisationsforschung.de\/index.php?rest_route=%2Fwp%2Fv2%2Fcategories&post=1765"},{"taxonomy":"post_tag","embeddable":true,"href":"http:\/\/www.kritische-organisationsforschung.de\/index.php?rest_route=%2Fwp%2Fv2%2Ftags&post=1765"}],"curies":[{"name":"wp","href":"https:\/\/api.w.org\/{rel}","templated":true}]}}