{"id":814,"date":"2011-10-21T15:46:20","date_gmt":"2011-10-21T13:46:20","guid":{"rendered":"http:\/\/www.kritische-organisationsforschung.de\/?p=814"},"modified":"2011-10-21T15:47:19","modified_gmt":"2011-10-21T13:47:19","slug":"kritik-der-wirtschaftswissenschaften-prokla-164","status":"publish","type":"post","link":"http:\/\/www.kritische-organisationsforschung.de\/?p=814","title":{"rendered":"Kritik der Wirtschaftswissenschaften &#8211; PROKLA 164"},"content":{"rendered":"<p>Die aktuelle Ausgabe von PROKLA widmet sich der &#8222;Kritik der Wirtschafts-wissenschaften&#8220;. Neben einer wissenschaftssoziologischen Diskussion der &#8222;Textbook Economics&#8220; (Hanno Pahl) finden sich u.a. Beitr\u00e4ge zur Verbreitung der CSR (Luise G\u00f6rges &amp; Ulf Kadritzke) und zur &#8222;feministischen \u00d6konomie&#8220; (Katharina Mader &amp; Jana Schultheiss).<\/p>\n<p>Hier geht es zur aktuellen Ausgabe. Das Editorial und der Artikel von Hanno Pahl ist hierbei als Download verf\u00fcgbar:<\/p>\n<p><a href=\"http:\/\/www.prokla.de\/2011\/10\/07\/editorial-prokla-164\/\">PROKLA 164<\/a><\/p>\n","protected":false},"excerpt":{"rendered":"<p>Die aktuelle Ausgabe von PROKLA widmet sich der &#8222;Kritik der Wirtschafts-wissenschaften&#8220;. Neben einer wissenschaftssoziologischen Diskussion der &#8222;Textbook Economics&#8220; (Hanno Pahl) finden sich u.a. Beitr\u00e4ge zur Verbreitung der CSR (Luise G\u00f6rges &amp; Ulf Kadritzke) und&#46;&#46;&#46;<\/p>\n","protected":false},"author":1,"featured_media":0,"comment_status":"open","ping_status":"open","sticky":false,"template":"","format":"standard","meta":{"spay_email":""},"categories":[1,49],"tags":[30,11],"jetpack_featured_media_url":"","yoast_head":"<!-- This site is optimized with the Yoast SEO plugin v14.4.1 - https:\/\/yoast.com\/wordpress\/plugins\/seo\/ -->\n<title>Kritik der Wirtschaftswissenschaften - PROKLA 164 - Kritische Organisationsforschung<\/title>\n<meta name=\"robots\" content=\"index, follow\" \/>\n<meta name=\"googlebot\" content=\"index, follow, max-snippet:-1, max-image-preview:large, max-video-preview:-1\" \/>\n<meta name=\"bingbot\" content=\"index, follow, max-snippet:-1, max-image-preview:large, max-video-preview:-1\" \/>\n<link rel=\"canonical\" href=\"http:\/\/www.kritische-organisationsforschung.de\/?p=814\" \/>\n<meta property=\"og:locale\" content=\"de_DE\" \/>\n<meta property=\"og:type\" content=\"article\" \/>\n<meta property=\"og:title\" content=\"Kritik der Wirtschaftswissenschaften - PROKLA 164 - Kritische Organisationsforschung\" \/>\n<meta property=\"og:description\" content=\"Die aktuelle Ausgabe von PROKLA widmet sich der &#8222;Kritik der Wirtschafts-wissenschaften&#8220;. Neben einer wissenschaftssoziologischen Diskussion der &#8222;Textbook Economics&#8220; (Hanno Pahl) finden sich u.a. Beitr\u00e4ge zur Verbreitung der CSR (Luise G\u00f6rges &amp; Ulf Kadritzke) und&#046;&#046;&#046;\" \/>\n<meta property=\"og:url\" content=\"http:\/\/www.kritische-organisationsforschung.de\/?p=814\" \/>\n<meta property=\"og:site_name\" content=\"Kritische Organisationsforschung\" \/>\n<meta property=\"article:published_time\" content=\"2011-10-21T13:46:20+00:00\" \/>\n<meta property=\"article:modified_time\" content=\"2011-10-21T13:47:19+00:00\" \/>\n<meta name=\"twitter:card\" content=\"summary_large_image\" \/>\n<script type=\"application\/ld+json\" class=\"yoast-schema-graph\">{\"@context\":\"https:\/\/schema.org\",\"@graph\":[{\"@type\":\"WebSite\",\"@id\":\"http:\/\/www.kritische-organisationsforschung.de\/#website\",\"url\":\"http:\/\/www.kritische-organisationsforschung.de\/\",\"name\":\"Kritische Organisationsforschung\",\"description\":\"a personal blog dedicated to the critical analysis of management, work and organization\",\"publisher\":{\"@id\":\"http:\/\/www.kritische-organisationsforschung.de\/#\/schema\/person\/af21231552ccb9e72e80be428f3eb39d\"},\"potentialAction\":[{\"@type\":\"SearchAction\",\"target\":\"http:\/\/www.kritische-organisationsforschung.de\/?s={search_term_string}\",\"query-input\":\"required name=search_term_string\"}],\"inLanguage\":\"de\"},{\"@type\":\"WebPage\",\"@id\":\"http:\/\/www.kritische-organisationsforschung.de\/?p=814#webpage\",\"url\":\"http:\/\/www.kritische-organisationsforschung.de\/?p=814\",\"name\":\"Kritik der Wirtschaftswissenschaften - PROKLA 164 - Kritische Organisationsforschung\",\"isPartOf\":{\"@id\":\"http:\/\/www.kritische-organisationsforschung.de\/#website\"},\"datePublished\":\"2011-10-21T13:46:20+00:00\",\"dateModified\":\"2011-10-21T13:47:19+00:00\",\"inLanguage\":\"de\",\"potentialAction\":[{\"@type\":\"ReadAction\",\"target\":[\"http:\/\/www.kritische-organisationsforschung.de\/?p=814\"]}]},{\"@type\":\"Article\",\"@id\":\"http:\/\/www.kritische-organisationsforschung.de\/?p=814#article\",\"isPartOf\":{\"@id\":\"http:\/\/www.kritische-organisationsforschung.de\/?p=814#webpage\"},\"author\":{\"@id\":\"http:\/\/www.kritische-organisationsforschung.de\/#\/schema\/person\/af21231552ccb9e72e80be428f3eb39d\"},\"headline\":\"Kritik der Wirtschaftswissenschaften &#8211; PROKLA 164\",\"datePublished\":\"2011-10-21T13:46:20+00:00\",\"dateModified\":\"2011-10-21T13:47:19+00:00\",\"commentCount\":0,\"mainEntityOfPage\":{\"@id\":\"http:\/\/www.kritische-organisationsforschung.de\/?p=814#webpage\"},\"publisher\":{\"@id\":\"http:\/\/www.kritische-organisationsforschung.de\/#\/schema\/person\/af21231552ccb9e72e80be428f3eb39d\"},\"keywords\":\"Critical Resources,Political Economy\",\"articleSection\":\"Kritische Ressourcen &amp; Studien,\\u00d6konomie\",\"inLanguage\":\"de\",\"potentialAction\":[{\"@type\":\"CommentAction\",\"name\":\"Comment\",\"target\":[\"http:\/\/www.kritische-organisationsforschung.de\/?p=814#respond\"]}]},{\"@type\":[\"Person\",\"Organization\"],\"@id\":\"http:\/\/www.kritische-organisationsforschung.de\/#\/schema\/person\/af21231552ccb9e72e80be428f3eb39d\",\"name\":\"Ronald Hartz\",\"image\":{\"@type\":\"ImageObject\",\"@id\":\"http:\/\/www.kritische-organisationsforschung.de\/#personlogo\",\"inLanguage\":\"de\",\"url\":\"http:\/\/0.gravatar.com\/avatar\/624d155aac0712cad634e66552b4f9fe?s=96&d=blank&r=g\",\"caption\":\"Ronald Hartz\"},\"logo\":{\"@id\":\"http:\/\/www.kritische-organisationsforschung.de\/#personlogo\"}}]}<\/script>\n<!-- \/ Yoast SEO plugin. -->","jetpack_shortlink":"https:\/\/wp.me\/p2DMtA-d8","jetpack_likes_enabled":true,"jetpack-related-posts":[],"_links":{"self":[{"href":"http:\/\/www.kritische-organisationsforschung.de\/index.php?rest_route=\/wp\/v2\/posts\/814"}],"collection":[{"href":"http:\/\/www.kritische-organisationsforschung.de\/index.php?rest_route=\/wp\/v2\/posts"}],"about":[{"href":"http:\/\/www.kritische-organisationsforschung.de\/index.php?rest_route=\/wp\/v2\/types\/post"}],"author":[{"embeddable":true,"href":"http:\/\/www.kritische-organisationsforschung.de\/index.php?rest_route=\/wp\/v2\/users\/1"}],"replies":[{"embeddable":true,"href":"http:\/\/www.kritische-organisationsforschung.de\/index.php?rest_route=%2Fwp%2Fv2%2Fcomments&post=814"}],"version-history":[{"count":3,"href":"http:\/\/www.kritische-organisationsforschung.de\/index.php?rest_route=\/wp\/v2\/posts\/814\/revisions"}],"predecessor-version":[{"id":817,"href":"http:\/\/www.kritische-organisationsforschung.de\/index.php?rest_route=\/wp\/v2\/posts\/814\/revisions\/817"}],"wp:attachment":[{"href":"http:\/\/www.kritische-organisationsforschung.de\/index.php?rest_route=%2Fwp%2Fv2%2Fmedia&parent=814"}],"wp:term":[{"taxonomy":"category","embeddable":true,"href":"http:\/\/www.kritische-organisationsforschung.de\/index.php?rest_route=%2Fwp%2Fv2%2Fcategories&post=814"},{"taxonomy":"post_tag","embeddable":true,"href":"http:\/\/www.kritische-organisationsforschung.de\/index.php?rest_route=%2Fwp%2Fv2%2Ftags&post=814"}],"curies":[{"name":"wp","href":"https:\/\/api.w.org\/{rel}","templated":true}]}}